{"id":5367,"date":"2019-04-03T15:31:42","date_gmt":"2019-04-03T15:31:42","guid":{"rendered":"https:\/\/www.americanrider.eu\/alquilar-una-moto-para-enduro-ahora-es-mas-facil\/"},"modified":"2019-05-22T19:23:33","modified_gmt":"2019-05-22T19:23:33","slug":"alquilar-una-moto-para-enduro-ahora-es-mas-facil","status":"publish","type":"post","link":"https:\/\/www.americanrider.net\/es\/alquilar-una-moto-para-enduro-ahora-es-mas-facil\/","title":{"rendered":"\u00a1Alquilar una moto para enduro ahora es m\u00e1s f\u00e1cil!"},"content":{"rendered":"\n<p>La nueva <a href=\"https:\/\/www.americanrider.net\/es\/producto\/honda-crf-250l\/\">Honda CRF 250L<\/a> para enduro ha llegado a nuestras instalaciones. Disponible para alquiler y para rutas en moto en M\u00e1laga y la Costa del Sol.<\/p>\n\n\n\n<figure class=\"wp-block-image\"><img fetchpriority=\"high\" decoding=\"async\" width=\"900\" height=\"599\" src=\"https:\/\/www.americanrider.net\/wp-content\/uploads\/2019\/02\/02-honda-cfr-250l.jpg\" alt=\"Honda CRF 250L\" class=\"wp-image-2866\" srcset=\"https:\/\/www.americanrider.net\/wp-content\/uploads\/2019\/02\/02-honda-cfr-250l.jpg 900w, https:\/\/www.americanrider.net\/wp-content\/uploads\/2019\/02\/02-honda-cfr-250l-300x200.jpg 300w, https:\/\/www.americanrider.net\/wp-content\/uploads\/2019\/02\/02-honda-cfr-250l-768x511.jpg 768w, https:\/\/www.americanrider.net\/wp-content\/uploads\/2019\/02\/02-honda-cfr-250l-350x233.jpg 350w, https:\/\/www.americanrider.net\/wp-content\/uploads\/2019\/02\/02-honda-cfr-250l-600x399.jpg 600w\" sizes=\"(max-width: 900px) 100vw, 900px\" \/><\/figure>\n\n\n\n<p>Una gran motocicleta,<a rel=\"noreferrer noopener\" aria-label=\" (opens in a new tab)\" href=\"https:\/\/www.honda.es\/motorcycles\/range\/off-road\/crf250rx\/overview.html\" target=\"_blank\">estaHonda<\/a> es ideal para rutas de enduro en moto a trav\u00e9s del campo y carriles de toda la provincia de M\u00e1laga. Si quieres alquilar una moto de enduro \/ trail en la Costa del Sol, esta es la tuya &#8230; <strong><a href=\"https:\/\/www.americanrider.net\/es\/formulario-reserva-motocicletas-spain\/\">no esperes m\u00e1s y reservala ahora!<\/a><\/strong><\/p>\n\n\n\n<figure class=\"wp-block-image\"><img decoding=\"async\" width=\"900\" height=\"600\" src=\"https:\/\/www.americanrider.net\/wp-content\/uploads\/2019\/02\/01-honda-cfr-250l.jpg\" alt=\"Honda CRF 250L\" class=\"wp-image-2865\" srcset=\"https:\/\/www.americanrider.net\/wp-content\/uploads\/2019\/02\/01-honda-cfr-250l.jpg 900w, https:\/\/www.americanrider.net\/wp-content\/uploads\/2019\/02\/01-honda-cfr-250l-300x200.jpg 300w, https:\/\/www.americanrider.net\/wp-content\/uploads\/2019\/02\/01-honda-cfr-250l-768x512.jpg 768w, https:\/\/www.americanrider.net\/wp-content\/uploads\/2019\/02\/01-honda-cfr-250l-350x233.jpg 350w, https:\/\/www.americanrider.net\/wp-content\/uploads\/2019\/02\/01-honda-cfr-250l-600x400.jpg 600w\" sizes=\"(max-width: 900px) 100vw, 900px\" \/><\/figure>\n\n\n\n<h3 class=\"wp-block-heading\">Pero, qu\u00e9 es \u00ab<em>enduro<\/em>\u00ab?<\/h3>\n\n\n\n<p>Esta palabra inglesa viene del Franc\u00e9s antiguo<em>endurer<\/em> y significa <em><strong>durar<\/strong><\/em> o <em><strong>resistir<\/strong><\/em>. Esta es una modalidad de motociclismo que consiste en conducir a campo a trav\u00e9s o fuera de carreteras.<\/p>\n\n\n\n<p>Estas motocicletas son similares a las del motocross, aunque con algunas diferencias. Por ejemplo, tienen una suspensi\u00f3n m\u00e1s suave, ya que no necesitan realizar saltos tan altos.<\/p>\n\n\n\n<p>Tambi\u00e9n pueden rodar en carreteras convencionales, ya que son motocicletas registradas y matriculadas oficialmente.<\/p>\n","protected":false},"excerpt":{"rendered":"<p>La nueva Honda CRF 250L para enduro ha llegado a nuestras instalaciones. Disponible para alquiler y para rutas en moto en M\u00e1laga y la Costa del Sol. Una gran motocicleta,estaHonda es ideal para rutas de enduro en moto a trav\u00e9s del campo y carriles de toda la provincia de M\u00e1laga. Si quieres alquilar una moto [&hellip;]<\/p>\n","protected":false},"author":1,"featured_media":4315,"comment_status":"open","ping_status":"open","sticky":false,"template":"","format":"standard","meta":{"footnotes":""},"categories":[155],"tags":[],"class_list":["post-5367","post","type-post","status-publish","format-standard","has-post-thumbnail","hentry","category-alquileres"],"yoast_head":"<!-- This site is optimized with the Yoast SEO plugin v25.5 - https:\/\/yoast.com\/wordpress\/plugins\/seo\/ -->\n<title>\u00a1Alquilar una moto para enduro ahora es m\u00e1s f\u00e1cil! - American Rider<\/title>\n<meta name=\"description\" content=\"American Rider proporciona el nuevo enduro Honda CRF 250L para alquileres y rutas en moto. Disponible solo en nuestras instalaciones de M\u00e1laga y Costa del Sol.\" \/>\n<meta name=\"robots\" content=\"index, follow, max-snippet:-1, max-image-preview:large, max-video-preview:-1\" \/>\n<link rel=\"canonical\" href=\"https:\/\/www.americanrider.net\/es\/alquilar-una-moto-para-enduro-ahora-es-mas-facil\/\" \/>\n<meta property=\"og:locale\" content=\"es_ES\" \/>\n<meta property=\"og:type\" content=\"article\" \/>\n<meta property=\"og:title\" content=\"\u00a1Alquilar una moto para enduro ahora es m\u00e1s f\u00e1cil! - American Rider\" \/>\n<meta property=\"og:description\" content=\"American Rider proporciona el nuevo enduro Honda CRF 250L para alquileres y rutas en moto. Disponible solo en nuestras instalaciones de M\u00e1laga y Costa del Sol.\" \/>\n<meta property=\"og:url\" content=\"https:\/\/www.americanrider.net\/es\/alquilar-una-moto-para-enduro-ahora-es-mas-facil\/\" \/>\n<meta property=\"og:site_name\" content=\"American Rider\" \/>\n<meta property=\"article:published_time\" content=\"2019-04-03T15:31:42+00:00\" \/>\n<meta property=\"article:modified_time\" content=\"2019-05-22T19:23:33+00:00\" \/>\n<meta property=\"og:image\" content=\"https:\/\/www.americanrider.net\/wp-content\/uploads\/2019\/02\/00-honda-cfr-250l.jpg\" \/>\n\t<meta property=\"og:image:width\" content=\"900\" \/>\n\t<meta property=\"og:image:height\" content=\"600\" \/>\n\t<meta property=\"og:image:type\" content=\"image\/jpeg\" \/>\n<meta name=\"author\" content=\"admin\" \/>\n<meta name=\"twitter:card\" content=\"summary_large_image\" \/>\n<meta name=\"twitter:label1\" content=\"Escrito por\" \/>\n\t<meta name=\"twitter:data1\" content=\"admin\" \/>\n\t<meta name=\"twitter:label2\" content=\"Tiempo de lectura\" \/>\n\t<meta name=\"twitter:data2\" content=\"1 minuto\" \/>\n<script type=\"application\/ld+json\" class=\"yoast-schema-graph\">{\"@context\":\"https:\/\/schema.org\",\"@graph\":[{\"@type\":\"Article\",\"@id\":\"https:\/\/www.americanrider.net\/es\/alquilar-una-moto-para-enduro-ahora-es-mas-facil\/#article\",\"isPartOf\":{\"@id\":\"https:\/\/www.americanrider.net\/es\/alquilar-una-moto-para-enduro-ahora-es-mas-facil\/\"},\"author\":{\"name\":\"admin\",\"@id\":\"https:\/\/www.americanrider.net\/es\/#\/schema\/person\/8352770e21cb58b5e8abe3f7930d6ba8\"},\"headline\":\"\u00a1Alquilar una moto para enduro ahora es m\u00e1s f\u00e1cil!\",\"datePublished\":\"2019-04-03T15:31:42+00:00\",\"dateModified\":\"2019-05-22T19:23:33+00:00\",\"mainEntityOfPage\":{\"@id\":\"https:\/\/www.americanrider.net\/es\/alquilar-una-moto-para-enduro-ahora-es-mas-facil\/\"},\"wordCount\":169,\"commentCount\":0,\"publisher\":{\"@id\":\"https:\/\/www.americanrider.net\/es\/#organization\"},\"image\":{\"@id\":\"https:\/\/www.americanrider.net\/es\/alquilar-una-moto-para-enduro-ahora-es-mas-facil\/#primaryimage\"},\"thumbnailUrl\":\"https:\/\/www.americanrider.net\/wp-content\/uploads\/2019\/02\/00-honda-cfr-250l.jpg\",\"articleSection\":[\"Alquileres\"],\"inLanguage\":\"es\",\"potentialAction\":[{\"@type\":\"CommentAction\",\"name\":\"Comment\",\"target\":[\"https:\/\/www.americanrider.net\/es\/alquilar-una-moto-para-enduro-ahora-es-mas-facil\/#respond\"]}]},{\"@type\":\"WebPage\",\"@id\":\"https:\/\/www.americanrider.net\/es\/alquilar-una-moto-para-enduro-ahora-es-mas-facil\/\",\"url\":\"https:\/\/www.americanrider.net\/es\/alquilar-una-moto-para-enduro-ahora-es-mas-facil\/\",\"name\":\"\u00a1Alquilar una moto para enduro ahora es m\u00e1s f\u00e1cil! - American Rider\",\"isPartOf\":{\"@id\":\"https:\/\/www.americanrider.net\/es\/#website\"},\"primaryImageOfPage\":{\"@id\":\"https:\/\/www.americanrider.net\/es\/alquilar-una-moto-para-enduro-ahora-es-mas-facil\/#primaryimage\"},\"image\":{\"@id\":\"https:\/\/www.americanrider.net\/es\/alquilar-una-moto-para-enduro-ahora-es-mas-facil\/#primaryimage\"},\"thumbnailUrl\":\"https:\/\/www.americanrider.net\/wp-content\/uploads\/2019\/02\/00-honda-cfr-250l.jpg\",\"datePublished\":\"2019-04-03T15:31:42+00:00\",\"dateModified\":\"2019-05-22T19:23:33+00:00\",\"description\":\"American Rider proporciona el nuevo enduro Honda CRF 250L para alquileres y rutas en moto. Disponible solo en nuestras instalaciones de M\u00e1laga y Costa del Sol.\",\"breadcrumb\":{\"@id\":\"https:\/\/www.americanrider.net\/es\/alquilar-una-moto-para-enduro-ahora-es-mas-facil\/#breadcrumb\"},\"inLanguage\":\"es\",\"potentialAction\":[{\"@type\":\"ReadAction\",\"target\":[\"https:\/\/www.americanrider.net\/es\/alquilar-una-moto-para-enduro-ahora-es-mas-facil\/\"]}]},{\"@type\":\"ImageObject\",\"inLanguage\":\"es\",\"@id\":\"https:\/\/www.americanrider.net\/es\/alquilar-una-moto-para-enduro-ahora-es-mas-facil\/#primaryimage\",\"url\":\"https:\/\/www.americanrider.net\/wp-content\/uploads\/2019\/02\/00-honda-cfr-250l.jpg\",\"contentUrl\":\"https:\/\/www.americanrider.net\/wp-content\/uploads\/2019\/02\/00-honda-cfr-250l.jpg\",\"width\":900,\"height\":600,\"caption\":\"Honda CFR 250L\"},{\"@type\":\"BreadcrumbList\",\"@id\":\"https:\/\/www.americanrider.net\/es\/alquilar-una-moto-para-enduro-ahora-es-mas-facil\/#breadcrumb\",\"itemListElement\":[{\"@type\":\"ListItem\",\"position\":1,\"name\":\"Home\",\"item\":\"https:\/\/www.americanrider.net\/es\/\"},{\"@type\":\"ListItem\",\"position\":2,\"name\":\"\u00a1Alquilar una moto para enduro ahora es m\u00e1s f\u00e1cil!\"}]},{\"@type\":\"WebSite\",\"@id\":\"https:\/\/www.americanrider.net\/es\/#website\",\"url\":\"https:\/\/www.americanrider.net\/es\/\",\"name\":\"American Rider\",\"description\":\"Motorcycle Rentals and Tours\",\"publisher\":{\"@id\":\"https:\/\/www.americanrider.net\/es\/#organization\"},\"potentialAction\":[{\"@type\":\"SearchAction\",\"target\":{\"@type\":\"EntryPoint\",\"urlTemplate\":\"https:\/\/www.americanrider.net\/es\/?s={search_term_string}\"},\"query-input\":{\"@type\":\"PropertyValueSpecification\",\"valueRequired\":true,\"valueName\":\"search_term_string\"}}],\"inLanguage\":\"es\"},{\"@type\":\"Organization\",\"@id\":\"https:\/\/www.americanrider.net\/es\/#organization\",\"name\":\"American Rider\",\"url\":\"https:\/\/www.americanrider.net\/es\/\",\"logo\":{\"@type\":\"ImageObject\",\"inLanguage\":\"es\",\"@id\":\"https:\/\/www.americanrider.net\/es\/#\/schema\/logo\/image\/\",\"url\":\"https:\/\/www.americanrider.net\/wp-content\/uploads\/2018\/05\/logo-american-rider.png\",\"contentUrl\":\"https:\/\/www.americanrider.net\/wp-content\/uploads\/2018\/05\/logo-american-rider.png\",\"width\":694,\"height\":184,\"caption\":\"American Rider\"},\"image\":{\"@id\":\"https:\/\/www.americanrider.net\/es\/#\/schema\/logo\/image\/\"}},{\"@type\":\"Person\",\"@id\":\"https:\/\/www.americanrider.net\/es\/#\/schema\/person\/8352770e21cb58b5e8abe3f7930d6ba8\",\"name\":\"admin\",\"image\":{\"@type\":\"ImageObject\",\"inLanguage\":\"es\",\"@id\":\"https:\/\/www.americanrider.net\/es\/#\/schema\/person\/image\/\",\"url\":\"https:\/\/www.americanrider.net\/wp-content\/wphb-cache\/gravatar\/8d2\/8d235646c1440ae6b2009ef9ac0770b3x96.jpg\",\"contentUrl\":\"https:\/\/www.americanrider.net\/wp-content\/wphb-cache\/gravatar\/8d2\/8d235646c1440ae6b2009ef9ac0770b3x96.jpg\",\"caption\":\"admin\"}}]}<\/script>\n<!-- \/ Yoast SEO plugin. -->","yoast_head_json":{"title":"\u00a1Alquilar una moto para enduro ahora es m\u00e1s f\u00e1cil! - American Rider","description":"American Rider proporciona el nuevo enduro Honda CRF 250L para alquileres y rutas en moto. Disponible solo en nuestras instalaciones de M\u00e1laga y Costa del Sol.","robots":{"index":"index","follow":"follow","max-snippet":"max-snippet:-1","max-image-preview":"max-image-preview:large","max-video-preview":"max-video-preview:-1"},"canonical":"https:\/\/www.americanrider.net\/es\/alquilar-una-moto-para-enduro-ahora-es-mas-facil\/","og_locale":"es_ES","og_type":"article","og_title":"\u00a1Alquilar una moto para enduro ahora es m\u00e1s f\u00e1cil! - American Rider","og_description":"American Rider proporciona el nuevo enduro Honda CRF 250L para alquileres y rutas en moto. Disponible solo en nuestras instalaciones de M\u00e1laga y Costa del Sol.","og_url":"https:\/\/www.americanrider.net\/es\/alquilar-una-moto-para-enduro-ahora-es-mas-facil\/","og_site_name":"American Rider","article_published_time":"2019-04-03T15:31:42+00:00","article_modified_time":"2019-05-22T19:23:33+00:00","og_image":[{"width":900,"height":600,"url":"https:\/\/www.americanrider.net\/wp-content\/uploads\/2019\/02\/00-honda-cfr-250l.jpg","type":"image\/jpeg"}],"author":"admin","twitter_card":"summary_large_image","twitter_misc":{"Escrito por":"admin","Tiempo de lectura":"1 minuto"},"schema":{"@context":"https:\/\/schema.org","@graph":[{"@type":"Article","@id":"https:\/\/www.americanrider.net\/es\/alquilar-una-moto-para-enduro-ahora-es-mas-facil\/#article","isPartOf":{"@id":"https:\/\/www.americanrider.net\/es\/alquilar-una-moto-para-enduro-ahora-es-mas-facil\/"},"author":{"name":"admin","@id":"https:\/\/www.americanrider.net\/es\/#\/schema\/person\/8352770e21cb58b5e8abe3f7930d6ba8"},"headline":"\u00a1Alquilar una moto para enduro ahora es m\u00e1s f\u00e1cil!","datePublished":"2019-04-03T15:31:42+00:00","dateModified":"2019-05-22T19:23:33+00:00","mainEntityOfPage":{"@id":"https:\/\/www.americanrider.net\/es\/alquilar-una-moto-para-enduro-ahora-es-mas-facil\/"},"wordCount":169,"commentCount":0,"publisher":{"@id":"https:\/\/www.americanrider.net\/es\/#organization"},"image":{"@id":"https:\/\/www.americanrider.net\/es\/alquilar-una-moto-para-enduro-ahora-es-mas-facil\/#primaryimage"},"thumbnailUrl":"https:\/\/www.americanrider.net\/wp-content\/uploads\/2019\/02\/00-honda-cfr-250l.jpg","articleSection":["Alquileres"],"inLanguage":"es","potentialAction":[{"@type":"CommentAction","name":"Comment","target":["https:\/\/www.americanrider.net\/es\/alquilar-una-moto-para-enduro-ahora-es-mas-facil\/#respond"]}]},{"@type":"WebPage","@id":"https:\/\/www.americanrider.net\/es\/alquilar-una-moto-para-enduro-ahora-es-mas-facil\/","url":"https:\/\/www.americanrider.net\/es\/alquilar-una-moto-para-enduro-ahora-es-mas-facil\/","name":"\u00a1Alquilar una moto para enduro ahora es m\u00e1s f\u00e1cil! - American Rider","isPartOf":{"@id":"https:\/\/www.americanrider.net\/es\/#website"},"primaryImageOfPage":{"@id":"https:\/\/www.americanrider.net\/es\/alquilar-una-moto-para-enduro-ahora-es-mas-facil\/#primaryimage"},"image":{"@id":"https:\/\/www.americanrider.net\/es\/alquilar-una-moto-para-enduro-ahora-es-mas-facil\/#primaryimage"},"thumbnailUrl":"https:\/\/www.americanrider.net\/wp-content\/uploads\/2019\/02\/00-honda-cfr-250l.jpg","datePublished":"2019-04-03T15:31:42+00:00","dateModified":"2019-05-22T19:23:33+00:00","description":"American Rider proporciona el nuevo enduro Honda CRF 250L para alquileres y rutas en moto. Disponible solo en nuestras instalaciones de M\u00e1laga y Costa del Sol.","breadcrumb":{"@id":"https:\/\/www.americanrider.net\/es\/alquilar-una-moto-para-enduro-ahora-es-mas-facil\/#breadcrumb"},"inLanguage":"es","potentialAction":[{"@type":"ReadAction","target":["https:\/\/www.americanrider.net\/es\/alquilar-una-moto-para-enduro-ahora-es-mas-facil\/"]}]},{"@type":"ImageObject","inLanguage":"es","@id":"https:\/\/www.americanrider.net\/es\/alquilar-una-moto-para-enduro-ahora-es-mas-facil\/#primaryimage","url":"https:\/\/www.americanrider.net\/wp-content\/uploads\/2019\/02\/00-honda-cfr-250l.jpg","contentUrl":"https:\/\/www.americanrider.net\/wp-content\/uploads\/2019\/02\/00-honda-cfr-250l.jpg","width":900,"height":600,"caption":"Honda CFR 250L"},{"@type":"BreadcrumbList","@id":"https:\/\/www.americanrider.net\/es\/alquilar-una-moto-para-enduro-ahora-es-mas-facil\/#breadcrumb","itemListElement":[{"@type":"ListItem","position":1,"name":"Home","item":"https:\/\/www.americanrider.net\/es\/"},{"@type":"ListItem","position":2,"name":"\u00a1Alquilar una moto para enduro ahora es m\u00e1s f\u00e1cil!"}]},{"@type":"WebSite","@id":"https:\/\/www.americanrider.net\/es\/#website","url":"https:\/\/www.americanrider.net\/es\/","name":"American Rider","description":"Motorcycle Rentals and Tours","publisher":{"@id":"https:\/\/www.americanrider.net\/es\/#organization"},"potentialAction":[{"@type":"SearchAction","target":{"@type":"EntryPoint","urlTemplate":"https:\/\/www.americanrider.net\/es\/?s={search_term_string}"},"query-input":{"@type":"PropertyValueSpecification","valueRequired":true,"valueName":"search_term_string"}}],"inLanguage":"es"},{"@type":"Organization","@id":"https:\/\/www.americanrider.net\/es\/#organization","name":"American Rider","url":"https:\/\/www.americanrider.net\/es\/","logo":{"@type":"ImageObject","inLanguage":"es","@id":"https:\/\/www.americanrider.net\/es\/#\/schema\/logo\/image\/","url":"https:\/\/www.americanrider.net\/wp-content\/uploads\/2018\/05\/logo-american-rider.png","contentUrl":"https:\/\/www.americanrider.net\/wp-content\/uploads\/2018\/05\/logo-american-rider.png","width":694,"height":184,"caption":"American Rider"},"image":{"@id":"https:\/\/www.americanrider.net\/es\/#\/schema\/logo\/image\/"}},{"@type":"Person","@id":"https:\/\/www.americanrider.net\/es\/#\/schema\/person\/8352770e21cb58b5e8abe3f7930d6ba8","name":"admin","image":{"@type":"ImageObject","inLanguage":"es","@id":"https:\/\/www.americanrider.net\/es\/#\/schema\/person\/image\/","url":"https:\/\/www.americanrider.net\/wp-content\/wphb-cache\/gravatar\/8d2\/8d235646c1440ae6b2009ef9ac0770b3x96.jpg","contentUrl":"https:\/\/www.americanrider.net\/wp-content\/wphb-cache\/gravatar\/8d2\/8d235646c1440ae6b2009ef9ac0770b3x96.jpg","caption":"admin"}}]}},"_links":{"self":[{"href":"https:\/\/www.americanrider.net\/es\/wp-json\/wp\/v2\/posts\/5367","targetHints":{"allow":["GET"]}}],"collection":[{"href":"https:\/\/www.americanrider.net\/es\/wp-json\/wp\/v2\/posts"}],"about":[{"href":"https:\/\/www.americanrider.net\/es\/wp-json\/wp\/v2\/types\/post"}],"author":[{"embeddable":true,"href":"https:\/\/www.americanrider.net\/es\/wp-json\/wp\/v2\/users\/1"}],"replies":[{"embeddable":true,"href":"https:\/\/www.americanrider.net\/es\/wp-json\/wp\/v2\/comments?post=5367"}],"version-history":[{"count":0,"href":"https:\/\/www.americanrider.net\/es\/wp-json\/wp\/v2\/posts\/5367\/revisions"}],"wp:featuredmedia":[{"embeddable":true,"href":"https:\/\/www.americanrider.net\/es\/wp-json\/wp\/v2\/media\/4315"}],"wp:attachment":[{"href":"https:\/\/www.americanrider.net\/es\/wp-json\/wp\/v2\/media?parent=5367"}],"wp:term":[{"taxonomy":"category","embeddable":true,"href":"https:\/\/www.americanrider.net\/es\/wp-json\/wp\/v2\/categories?post=5367"},{"taxonomy":"post_tag","embeddable":true,"href":"https:\/\/www.americanrider.net\/es\/wp-json\/wp\/v2\/tags?post=5367"}],"curies":[{"name":"wp","href":"https:\/\/api.w.org\/{rel}","templated":true}]}}